{"id":87,"date":"2006-12-09T16:56:07","date_gmt":"2006-12-09T14:56:07","guid":{"rendered":"http:\/\/digipaed.de\/cms\/?p=87"},"modified":"2008-03-05T17:33:37","modified_gmt":"2008-03-05T15:33:37","slug":"premiere-mit-der-kamera-unterwegs-lesepaten-in-aktion","status":"publish","type":"post","link":"http:\/\/digipaed.de\/cms\/?p=87","title":{"rendered":"Premiere: Mit der Kamera unterwegs &#8211; Lesepaten in Aktion"},"content":{"rendered":"<p><img decoding=\"async\" src=\"http:\/\/digipaed.de\/cms\/wp-content\/uploads\/2006\/12\/nemo.jpg\" alt=\"Nemo\" align=\"left\" \/>Vor etwa 150 Zuschauern fand die Premiere des Filmes &#8222;Mit der Kamera unterwegs &#8211; Lesepaten auf der Spur&#8220; in der Kinder und Jugendb\u00fccherei in D\u00fcsseldorf statt. Diesmal sind die beiden rasenden Reporter Niklas und Sophie in D\u00fcsseldorf unterwegs, um Lesepaten zu finden.<br \/>\n<!--more--><\/p>\n<p>Auf ihrer turbulenten Tour besuchen sie einen ber\u00fchmten Professor, eine Kinderbuchautorin, den Pantomimen Nemo und andere Prominente aus D\u00fcsseldorf&#8230;<\/p>\n<p>Der Film ist Bestandteil einer breit angelegten Kampagne zur F\u00f6rderung  ehrenamtlicher  Lesepaten und wird zuk\u00fcnftig in der B\u00fccherei zu entleihen sein. Im Rahmen des Projektes entstanden auch 10 Postkartenmotive, die in einer Auflage von 10.000 Exemplaren im Stadtgebiet verteilt werden.<\/p>\n","protected":false},"excerpt":{"rendered":"<p>Vor etwa 150 Zuschauern fand die Premiere des Filmes &#8222;Mit der Kamera unterwegs &#8211; Lesepaten auf der Spur&#8220; in der Kinder und Jugendb\u00fccherei in D\u00fcsseldorf statt. Diesmal sind die beiden rasenden Reporter Niklas und Sophie in D\u00fcsseldorf unterwegs, um Lesepaten zu finden.<\/p>\n","protected":false},"author":15,"featured_media":0,"comment_status":"closed","ping_status":"closed","sticky":false,"template":"","format":"standard","meta":{"footnotes":""},"categories":[11],"tags":[],"class_list":["post-87","post","type-post","status-publish","format-standard","hentry","category-film"],"_links":{"self":[{"href":"http:\/\/digipaed.de\/cms\/index.php?rest_route=\/wp\/v2\/posts\/87"}],"collection":[{"href":"http:\/\/digipaed.de\/cms\/index.php?rest_route=\/wp\/v2\/posts"}],"about":[{"href":"http:\/\/digipaed.de\/cms\/index.php?rest_route=\/wp\/v2\/types\/post"}],"author":[{"embeddable":true,"href":"http:\/\/digipaed.de\/cms\/index.php?rest_route=\/wp\/v2\/users\/15"}],"replies":[{"embeddable":true,"href":"http:\/\/digipaed.de\/cms\/index.php?rest_route=%2Fwp%2Fv2%2Fcomments&post=87"}],"version-history":[{"count":0,"href":"http:\/\/digipaed.de\/cms\/index.php?rest_route=\/wp\/v2\/posts\/87\/revisions"}],"wp:attachment":[{"href":"http:\/\/digipaed.de\/cms\/index.php?rest_route=%2Fwp%2Fv2%2Fmedia&parent=87"}],"wp:term":[{"taxonomy":"category","embeddable":true,"href":"http:\/\/digipaed.de\/cms\/index.php?rest_route=%2Fwp%2Fv2%2Fcategories&post=87"},{"taxonomy":"post_tag","embeddable":true,"href":"http:\/\/digipaed.de\/cms\/index.php?rest_route=%2Fwp%2Fv2%2Ftags&post=87"}],"curies":[{"name":"wp","href":"https:\/\/api.w.org\/{rel}","templated":true}]}}