{"id":50,"date":"2006-10-13T08:25:15","date_gmt":"2006-10-13T06:25:15","guid":{"rendered":"http:\/\/digipaed.de\/cms\/?p=50"},"modified":"2008-03-05T17:34:22","modified_gmt":"2008-03-05T15:34:22","slug":"fluch-der-karibik","status":"publish","type":"post","link":"http:\/\/digipaed.de\/cms\/?p=50","title":{"rendered":"Fluch der Karibik"},"content":{"rendered":"<p><img decoding=\"async\" src=\"http:\/\/digipaed.de\/cms\/wp-content\/uploads\/2006\/10\/fdk.jpg\" alt=\"Trickfilmworkshop - Fluch der Karibik\" align=\"left\" \/>&#8222;Etwas mit Piraten und auf dem Weltmeer..&#8220; da sind sich Jan und Karlotta einig. In einem Trickfilmworkshop im Auftrag des JFC Medienzentrum erstellten 10 Kinder einen Animationsfilm mit echten Piraten, Karl Protz und einer kleinen Insel in der Karibik.<\/p>\n<p>Pl\u00f6tzlich werden Schiffe von einem \u00b4Geisterschiff mit einer gruseligen Besatzung \u00fcberfallen. Nat\u00fcrlich k\u00f6nnen die Detektive aufkl\u00e4ren, was es mit dem Geisterschiff auf sich hat&#8230;<\/p>\n","protected":false},"excerpt":{"rendered":"<p>&#8222;Etwas mit Piraten und auf dem Weltmeer..&#8220; da sind sich Jan und Karlotta einig. In einem Trickfilmworkshop im Auftrag des JFC Medienzentrum erstellten 10 Kinder einen Animationsfilm mit echten Piraten, Karl Protz und einer kleinen Insel in der Karibik. Pl\u00f6tzlich werden Schiffe von einem \u00b4Geisterschiff mit einer gruseligen Besatzung \u00fcberfallen. Nat\u00fcrlich k\u00f6nnen die Detektive aufkl\u00e4ren, &hellip; <a href=\"http:\/\/digipaed.de\/cms\/?p=50\" class=\"more-link\"><span class=\"screen-reader-text\">Fluch der Karibik<\/span> weiterlesen <span class=\"meta-nav\">&rarr;<\/span><\/a><\/p>\n","protected":false},"author":15,"featured_media":0,"comment_status":"closed","ping_status":"closed","sticky":false,"template":"","format":"standard","meta":{"footnotes":""},"categories":[11],"tags":[],"class_list":["post-50","post","type-post","status-publish","format-standard","hentry","category-film"],"_links":{"self":[{"href":"http:\/\/digipaed.de\/cms\/index.php?rest_route=\/wp\/v2\/posts\/50"}],"collection":[{"href":"http:\/\/digipaed.de\/cms\/index.php?rest_route=\/wp\/v2\/posts"}],"about":[{"href":"http:\/\/digipaed.de\/cms\/index.php?rest_route=\/wp\/v2\/types\/post"}],"author":[{"embeddable":true,"href":"http:\/\/digipaed.de\/cms\/index.php?rest_route=\/wp\/v2\/users\/15"}],"replies":[{"embeddable":true,"href":"http:\/\/digipaed.de\/cms\/index.php?rest_route=%2Fwp%2Fv2%2Fcomments&post=50"}],"version-history":[{"count":0,"href":"http:\/\/digipaed.de\/cms\/index.php?rest_route=\/wp\/v2\/posts\/50\/revisions"}],"wp:attachment":[{"href":"http:\/\/digipaed.de\/cms\/index.php?rest_route=%2Fwp%2Fv2%2Fmedia&parent=50"}],"wp:term":[{"taxonomy":"category","embeddable":true,"href":"http:\/\/digipaed.de\/cms\/index.php?rest_route=%2Fwp%2Fv2%2Fcategories&post=50"},{"taxonomy":"post_tag","embeddable":true,"href":"http:\/\/digipaed.de\/cms\/index.php?rest_route=%2Fwp%2Fv2%2Ftags&post=50"}],"curies":[{"name":"wp","href":"https:\/\/api.w.org\/{rel}","templated":true}]}}