{"id":481,"date":"2017-08-28T13:56:09","date_gmt":"2017-08-28T11:56:09","guid":{"rendered":"http:\/\/digipaed.de\/cms\/?p=481"},"modified":"2019-07-28T14:26:19","modified_gmt":"2019-07-28T12:26:19","slug":"filmworkshop-im-rahmen-der-20-jahr-feier-des-foej-nrw","status":"publish","type":"post","link":"http:\/\/digipaed.de\/cms\/?p=481","title":{"rendered":"Filmworkshop im Rahmen der 20 Jahr Feier des F\u00d6J NRW"},"content":{"rendered":"<p><img decoding=\"async\" class=\"alignleft wp-image-482 size-thumbnail\" src=\"http:\/\/digipaed.de\/cms\/wp-content\/uploads\/2019\/07\/geburtstag_partydeko-150x150.jpg\" alt=\"\" width=\"150\" height=\"150\" srcset=\"http:\/\/digipaed.de\/cms\/wp-content\/uploads\/2019\/07\/geburtstag_partydeko-150x150.jpg 150w, http:\/\/digipaed.de\/cms\/wp-content\/uploads\/2019\/07\/geburtstag_partydeko-200x200.jpg 200w, http:\/\/digipaed.de\/cms\/wp-content\/uploads\/2019\/07\/geburtstag_partydeko-100x100.jpg 100w\" sizes=\"(max-width: 150px) 100vw, 150px\" \/>Zum 20-j\u00e4hrigen Bestehen des F\u00d6J NRW haben die die F\u00d6J-Zentralstellen zu einer Fachtagung und Feier nach K\u00f6ln eingeladen. In Zusammenarbeit mit einer Gruppe Jugendlicher haben wir ein Filmteam zusammen gestellt und die Dreharbeiten inhaltlich vorbereitet.<br \/>\nIm Ergebnis entstand ein Jubil\u00e4umsfilm, der zum gr\u00f6\u00dften Teil durch die Jugendlichen unter unserer Anleitung entstand.<br \/>\nEs war uns eine Freude!<\/p>\n","protected":false},"excerpt":{"rendered":"<p>Zum 20-j\u00e4hrigen Bestehen des F\u00d6J NRW haben die die F\u00d6J-Zentralstellen zu einer Fachtagung und Feier nach K\u00f6ln eingeladen. In Zusammenarbeit mit einer Gruppe Jugendlicher haben wir ein Filmteam zusammen gestellt und die Dreharbeiten inhaltlich vorbereitet. Im Ergebnis entstand ein Jubil\u00e4umsfilm, der zum gr\u00f6\u00dften Teil durch die Jugendlichen unter unserer Anleitung entstand. Es war uns eine &hellip; <a href=\"http:\/\/digipaed.de\/cms\/?p=481\" class=\"more-link\"><span class=\"screen-reader-text\">Filmworkshop im Rahmen der 20 Jahr Feier des F\u00d6J NRW<\/span> weiterlesen <span class=\"meta-nav\">&rarr;<\/span><\/a><\/p>\n","protected":false},"author":15,"featured_media":0,"comment_status":"closed","ping_status":"closed","sticky":false,"template":"","format":"standard","meta":{"footnotes":""},"categories":[2],"tags":[],"class_list":["post-481","post","type-post","status-publish","format-standard","hentry","category-kategorie-1"],"_links":{"self":[{"href":"http:\/\/digipaed.de\/cms\/index.php?rest_route=\/wp\/v2\/posts\/481"}],"collection":[{"href":"http:\/\/digipaed.de\/cms\/index.php?rest_route=\/wp\/v2\/posts"}],"about":[{"href":"http:\/\/digipaed.de\/cms\/index.php?rest_route=\/wp\/v2\/types\/post"}],"author":[{"embeddable":true,"href":"http:\/\/digipaed.de\/cms\/index.php?rest_route=\/wp\/v2\/users\/15"}],"replies":[{"embeddable":true,"href":"http:\/\/digipaed.de\/cms\/index.php?rest_route=%2Fwp%2Fv2%2Fcomments&post=481"}],"version-history":[{"count":2,"href":"http:\/\/digipaed.de\/cms\/index.php?rest_route=\/wp\/v2\/posts\/481\/revisions"}],"predecessor-version":[{"id":490,"href":"http:\/\/digipaed.de\/cms\/index.php?rest_route=\/wp\/v2\/posts\/481\/revisions\/490"}],"wp:attachment":[{"href":"http:\/\/digipaed.de\/cms\/index.php?rest_route=%2Fwp%2Fv2%2Fmedia&parent=481"}],"wp:term":[{"taxonomy":"category","embeddable":true,"href":"http:\/\/digipaed.de\/cms\/index.php?rest_route=%2Fwp%2Fv2%2Fcategories&post=481"},{"taxonomy":"post_tag","embeddable":true,"href":"http:\/\/digipaed.de\/cms\/index.php?rest_route=%2Fwp%2Fv2%2Ftags&post=481"}],"curies":[{"name":"wp","href":"https:\/\/api.w.org\/{rel}","templated":true}]}}