{"id":455,"date":"2014-04-20T23:26:53","date_gmt":"2014-04-20T21:26:53","guid":{"rendered":"http:\/\/digipaed.de\/cms\/?p=455"},"modified":"2016-02-07T23:29:06","modified_gmt":"2016-02-07T21:29:06","slug":"aufnahme-schnitt-und-mischung-hoerstation-ausstellung-chargesheimer-die-entdeckung-des-ruhrgebiets","status":"publish","type":"post","link":"http:\/\/digipaed.de\/cms\/?p=455","title":{"rendered":"Aufnahme, Schnitt und Mischung: H\u00f6rstation &#8211; Ausstellung Chargesheimer &#8211; Die Entdeckung des Ruhrgebiets"},"content":{"rendered":"<figure id=\"attachment_457\" aria-describedby=\"caption-attachment-457\" style=\"width: 150px\" class=\"wp-caption alignleft\"><img decoding=\"async\" class=\"size-thumbnail wp-image-457\" src=\"http:\/\/digipaed.de\/cms\/wp-content\/uploads\/2016\/02\/16-chargesheimer-heinrich-boell-ruhrgebiet-150x150.jpg\" alt=\"\u00a9 Rheinisches Bildarchiv K\u00f6ln\" width=\"150\" height=\"150\" srcset=\"http:\/\/digipaed.de\/cms\/wp-content\/uploads\/2016\/02\/16-chargesheimer-heinrich-boell-ruhrgebiet-150x150.jpg 150w, http:\/\/digipaed.de\/cms\/wp-content\/uploads\/2016\/02\/16-chargesheimer-heinrich-boell-ruhrgebiet-200x200.jpg 200w, http:\/\/digipaed.de\/cms\/wp-content\/uploads\/2016\/02\/16-chargesheimer-heinrich-boell-ruhrgebiet-100x100.jpg 100w\" sizes=\"(max-width: 150px) 100vw, 150px\" \/><figcaption id=\"caption-attachment-457\" class=\"wp-caption-text\">\u00a9 Rheinisches Bildarchiv K\u00f6ln<\/figcaption><\/figure>\n<p>Heiko Walter hat im Auftrag des LVR Zentrum f\u00fcr Medien und Bildung die Aufnahmen, die Mischung und das Mastering f\u00fcr einen Audioguide f\u00fcr das Ruhrmuseum \u00fcbernommen. <!--more--><br \/>\nHeinrich B\u00f6ll publizierte im Jahre 1958 zusammen mit dem Fotografen Chargesheimer den Bildband &#8222;Im Ruhrgebiet&#8220;. Insgesamt liegen circa 1.500 Negative vor, die im Rahmen des Buchprojektes entstanden sind. Sie bilden den Fundus zu einer Ausstellung mit Ruhrgebietsbildern von Chargesheimer, die weit \u00fcber den Bildband von 1958 hinausgeht und noch nie ver\u00f6ffentliche Fotos zeigt. Die Sprecheraufnahmen ausgew\u00e4hlter Texte aus dem Bildband fanden mit\u00a0 dem Sprecher Matthias Ponnier statt. Der Audioguide und die Bilder zum Bildband wurden vom 26. Mai 2014 bis zum 18. Januar 2015 in einer Sonderausstellung des Ruhrmuseums Essen in der Zeche Zollverein gezeigt.<\/p>\n","protected":false},"excerpt":{"rendered":"<p>Heiko Walter hat im Auftrag des LVR Zentrum f\u00fcr Medien und Bildung die Aufnahmen, die Mischung und das Mastering f\u00fcr einen Audioguide f\u00fcr das Ruhrmuseum \u00fcbernommen.<\/p>\n","protected":false},"author":14,"featured_media":0,"comment_status":"closed","ping_status":"closed","sticky":false,"template":"","format":"standard","meta":{"footnotes":""},"categories":[23],"tags":[],"class_list":["post-455","post","type-post","status-publish","format-standard","hentry","category-medienberatung"],"_links":{"self":[{"href":"http:\/\/digipaed.de\/cms\/index.php?rest_route=\/wp\/v2\/posts\/455"}],"collection":[{"href":"http:\/\/digipaed.de\/cms\/index.php?rest_route=\/wp\/v2\/posts"}],"about":[{"href":"http:\/\/digipaed.de\/cms\/index.php?rest_route=\/wp\/v2\/types\/post"}],"author":[{"embeddable":true,"href":"http:\/\/digipaed.de\/cms\/index.php?rest_route=\/wp\/v2\/users\/14"}],"replies":[{"embeddable":true,"href":"http:\/\/digipaed.de\/cms\/index.php?rest_route=%2Fwp%2Fv2%2Fcomments&post=455"}],"version-history":[{"count":3,"href":"http:\/\/digipaed.de\/cms\/index.php?rest_route=\/wp\/v2\/posts\/455\/revisions"}],"predecessor-version":[{"id":459,"href":"http:\/\/digipaed.de\/cms\/index.php?rest_route=\/wp\/v2\/posts\/455\/revisions\/459"}],"wp:attachment":[{"href":"http:\/\/digipaed.de\/cms\/index.php?rest_route=%2Fwp%2Fv2%2Fmedia&parent=455"}],"wp:term":[{"taxonomy":"category","embeddable":true,"href":"http:\/\/digipaed.de\/cms\/index.php?rest_route=%2Fwp%2Fv2%2Fcategories&post=455"},{"taxonomy":"post_tag","embeddable":true,"href":"http:\/\/digipaed.de\/cms\/index.php?rest_route=%2Fwp%2Fv2%2Ftags&post=455"}],"curies":[{"name":"wp","href":"https:\/\/api.w.org\/{rel}","templated":true}]}}